{"id":606,"date":"2015-06-01T02:21:35","date_gmt":"2015-06-01T02:21:35","guid":{"rendered":"http:\/\/gss1.org\/?p=606"},"modified":"2015-06-01T18:53:19","modified_gmt":"2015-06-01T18:53:19","slug":"ifpi-direx-thc-e-gss-colocam-um-novo-marco-na-astronomia-amadora-em-teresina","status":"publish","type":"post","link":"https:\/\/gss1.org\/?p=606","title":{"rendered":"IFPI-DIREX, THC E GSS COLOCAM UM NOVO MARCO NA ASTRONOMIA AMADORA EM TERESINA"},"content":{"rendered":"<p><a href=\"http:\/\/gss1.org\/wp-content\/uploads\/2015\/03\/DE-OLHOS-NO-CEU-DE-TERESINA.gif\"><img loading=\"lazy\" decoding=\"async\" class=\"aligncenter wp-image-564\" src=\"http:\/\/gss1.org\/wp-content\/uploads\/2015\/03\/DE-OLHOS-NO-CEU-DE-TERESINA.gif\" alt=\"DE OLHOS NO CEU DE TERESINA\" width=\"600\" height=\"534\" \/><\/a><\/p>\n<p>&nbsp;<\/p>\n<p>&nbsp;<\/p>\n<p style=\"text-align: justify;\">Neste s\u00e1bado 30 de Maio de 2015, aconteceu a primeira de uma\u00a0s\u00e9rie de observa\u00e7\u00f5es astron\u00f4micas que ser\u00e3o realizadas pelo projeto <strong>&#8220;de olhos no c\u00e9u de Teresina&#8221;<\/strong> desenvolvido pelo IFPI\/DIREX-TERESINA CENTRAL, TERESINA HACKER CLUBE E GRAVITON SCIENTIFIC SOCIETY. O evento aconteceu no estacionamento do pr\u00e9dio B do IFPI-Teresina Central no hor\u00e1rio de 18:00 as 21:00 horas, no qual foram disponibilizados 4 telesc\u00f3pios para atender ao publico que esteve presente. Este evento simboliza o inicio de um longo caminho a ser percorrido na Astronomia em nosso estado. O Projeto &#8221; de Olho no C\u00e9u de Teresina&#8221; \u00e9 o primeiro passo para uma serie de projetos a serem realizados ao longo dos anos numa parceria entre a GSS, THC e outras institui\u00e7\u00f5es publicas e privadas, que ser\u00e3o anunciados em breve.<\/p>\n<p style=\"text-align: justify;\">O evento contou com a presen\u00e7a de diversas pessoas al\u00e9m da equipe da Graviton Scientific Society e Teresina Hacker Clube . Dentre elas a professora Ana Claudia, representando a Diretoria de Extens\u00e3o do IFPI-Teresina Central, o Secretario municipal de Educa\u00e7\u00e3o de Teresina Kleber Montezuma juntamente com outras\u00a0pessoas (adultos e crian\u00e7as).<\/p>\n<p style=\"text-align: justify;\">O projeto &#8221; de Olho no C\u00e9u de Teresina&#8221; tem como objetivos aproximar mais a sociedade da ci\u00eancia, incentivando os alunos que est\u00e3o come\u00e7ando os cursos nas \u00e1reas de ci\u00eancia a se dedicar \u00e0 astronomia, desenvolvendo assim, \u00a0ferramentas, m\u00e9todos e materiais did\u00e1ticos que possam ser usados posteriormente por professores em sala de aula.<\/p>\n<p style=\"text-align: justify;\">Para participar, basta preencher o formul\u00e1rio disponibilizado neste site e acompanhar a marca\u00e7\u00e3o da pr\u00f3xima data de observa\u00e7\u00e3o.<\/p>\n<p style=\"text-align: justify;\"><a href=\"http:\/\/gss1.org\/?page_id=492\">FA\u00c7A SUA INSCRI\u00c7\u00c3O AQUI<\/a><\/p>\n<p>CONFIRA AS IMAGENS!<\/p>\n<figure id=\"attachment_616\" aria-describedby=\"caption-attachment-616\" style=\"width: 600px\" class=\"wp-caption aligncenter\"><a href=\"http:\/\/gss1.org\/wp-content\/uploads\/2015\/05\/arthur.jpg\"><img loading=\"lazy\" decoding=\"async\" class=\"wp-image-616\" src=\"http:\/\/gss1.org\/wp-content\/uploads\/2015\/05\/arthur.jpg\" alt=\"Arthur Montenegro, fazendo observa\u00e7\u00e3o - O projeto &quot;De Olho no C\u00e9u de Teresina&quot; \u00e9 desenvolvido pelo IFPI-DIREX\/THC\/GSS. Cr\u00e9dito: Danilo Alefe.\" width=\"600\" height=\"1368\" \/><\/a><figcaption id=\"caption-attachment-616\" class=\"wp-caption-text\">Arthur Montenegro, fazendo observa\u00e7\u00e3o &#8211; O projeto &#8220;De Olho no C\u00e9u de Teresina&#8221; \u00e9 desenvolvido pelo IFPI-DIREX\/THC\/GSS. Cr\u00e9dito: Danilo Alefe.<\/figcaption><\/figure>\n<figure id=\"attachment_621\" aria-describedby=\"caption-attachment-621\" style=\"width: 600px\" class=\"wp-caption aligncenter\"><a href=\"http:\/\/gss1.org\/wp-content\/uploads\/2015\/05\/SECRETARIO3.jpg\"><img loading=\"lazy\" decoding=\"async\" class=\"wp-image-621\" src=\"http:\/\/gss1.org\/wp-content\/uploads\/2015\/05\/SECRETARIO3.jpg\" alt=\"O secret\u00e1rio municipal de Educa\u00e7\u00e3o, Kleber Montezuma , participando da observa\u00e7\u00e3o astronomica - O projeto &quot;De Olho no C\u00e9u de Teresina&quot; \u00e9 desenvolvido pelo IFPI-DIREX\/THC\/GSS. Cr\u00e9dito: Danilo Alefe.\" width=\"600\" height=\"338\" \/><\/a><figcaption id=\"caption-attachment-621\" class=\"wp-caption-text\">O secret\u00e1rio municipal de Educa\u00e7\u00e3o, Kleber Montezuma , participando da observa\u00e7\u00e3o astronomica &#8211; O projeto &#8220;De Olho no C\u00e9u de Teresina&#8221; \u00e9 desenvolvido pelo IFPI-DIREX\/THC\/GSS. Cr\u00e9dito: Danilo Alefe.<\/figcaption><\/figure>\n<p>&nbsp;<\/p>\n<figure id=\"attachment_607\" aria-describedby=\"caption-attachment-607\" style=\"width: 600px\" class=\"wp-caption aligncenter\"><a href=\"http:\/\/gss1.org\/wp-content\/uploads\/2015\/05\/peixoto-2.jpg\"><img loading=\"lazy\" decoding=\"async\" class=\"wp-image-607\" src=\"http:\/\/gss1.org\/wp-content\/uploads\/2015\/05\/peixoto-2.jpg\" alt=\"Francisco Peixoto Neto(GSS) - de Fundo o Planeta J\u00fapiter- Projeto &quot;De Olho no C\u00e9u de Teresina&quot; desenvolvido pelo IFPI-DIREX\/THC\/GSS. Cr\u00e9dito: Danilo Alefe.\" width=\"600\" height=\"901\" \/><\/a><figcaption id=\"caption-attachment-607\" class=\"wp-caption-text\">Francisco Peixoto Neto(GSS) &#8211; de Fundo o Planeta J\u00fapiter- Projeto &#8220;De Olho no C\u00e9u de Teresina&#8221; desenvolvido pelo IFPI-DIREX\/THC\/GSS. Cr\u00e9dito: Danilo Alefe.<\/figcaption><\/figure>\n<p>&nbsp;<\/p>\n<figure id=\"attachment_608\" aria-describedby=\"caption-attachment-608\" style=\"width: 600px\" class=\"wp-caption aligncenter\"><a href=\"http:\/\/gss1.org\/wp-content\/uploads\/2015\/05\/obra-de-arte.jpg\"><img loading=\"lazy\" decoding=\"async\" class=\"wp-image-608\" src=\"http:\/\/gss1.org\/wp-content\/uploads\/2015\/05\/obra-de-arte.jpg\" alt=\"Um dos Telesc\u00f3pios usados no projeto  e em segundo plano a Lua - O projeto &quot;De Olho no C\u00e9u de Teresina&quot; \u00e9 desenvolvido pelo IFPI-DIREX\/THC\/GSS. Cr\u00e9dito: Danilo Alefe.\" width=\"600\" height=\"580\" \/><\/a><figcaption id=\"caption-attachment-608\" class=\"wp-caption-text\">Um dos Telesc\u00f3pios usados no projeto e em segundo plano a Lua &#8211; O projeto &#8220;De Olho no C\u00e9u de Teresina&#8221; \u00e9 desenvolvido pelo IFPI-DIREX\/THC\/GSS. Cr\u00e9dito: Danilo Alefe.<\/figcaption><\/figure>\n<p>&nbsp;<\/p>\n<figure id=\"attachment_610\" aria-describedby=\"caption-attachment-610\" style=\"width: 600px\" class=\"wp-caption aligncenter\"><a href=\"http:\/\/gss1.org\/wp-content\/uploads\/2015\/05\/LUA3.jpg\"><img loading=\"lazy\" decoding=\"async\" class=\"wp-image-610\" src=\"http:\/\/gss1.org\/wp-content\/uploads\/2015\/05\/LUA3.jpg\" alt=\"Foto da Lua - O projeto &quot;De Olho no C\u00e9u de Teresina&quot; \u00e9 desenvolvido pelo IFPI-DIREX\/THC\/GSS. Cr\u00e9dito: Danilo Alefe.\" width=\"600\" height=\"718\" \/><\/a><figcaption id=\"caption-attachment-610\" class=\"wp-caption-text\">Foto da Lua, tirada durante o evento &#8211; O projeto &#8220;De Olho no C\u00e9u de Teresina&#8221; \u00e9 desenvolvido pelo IFPI-DIREX\/THC\/GSS. Cr\u00e9dito: Danilo Alefe.<\/figcaption><\/figure>\n<figure id=\"attachment_623\" aria-describedby=\"caption-attachment-623\" style=\"width: 600px\" class=\"wp-caption aligncenter\"><a href=\"http:\/\/gss1.org\/wp-content\/uploads\/2015\/05\/joyce1.jpg\"><img loading=\"lazy\" decoding=\"async\" class=\"wp-image-623\" src=\"http:\/\/gss1.org\/wp-content\/uploads\/2015\/05\/joyce1.jpg\" alt=\" O projeto &quot;De Olho no C\u00e9u de Teresina&quot; \u00e9 desenvolvido pelo IFPI-DIREX\/THC\/GSS. Cr\u00e9dito: Danilo Alefe.\" width=\"600\" height=\"608\" \/><\/a><figcaption id=\"caption-attachment-623\" class=\"wp-caption-text\">O projeto &#8220;De Olho no C\u00e9u de Teresina&#8221; \u00e9 desenvolvido pelo IFPI-DIREX\/THC\/GSS. Cr\u00e9dito: Danilo Alefe.<\/figcaption><\/figure>\n<figure id=\"attachment_624\" aria-describedby=\"caption-attachment-624\" style=\"width: 600px\" class=\"wp-caption aligncenter\"><a href=\"http:\/\/gss1.org\/wp-content\/uploads\/2015\/05\/eu-e-a-joyce1.jpg\"><img loading=\"lazy\" decoding=\"async\" class=\"wp-image-624\" src=\"http:\/\/gss1.org\/wp-content\/uploads\/2015\/05\/eu-e-a-joyce1.jpg\" alt=\"eu e a joyce\" width=\"600\" height=\"525\" \/><\/a><figcaption id=\"caption-attachment-624\" class=\"wp-caption-text\">Joyce Ravena, Edward Montenegro (GSS) -O projeto &#8220;De Olho no C\u00e9u de Teresina&#8221; \u00e9 desenvolvido pelo IFPI-DIREX\/THC\/GSS. Cr\u00e9dito: Danilo Alefe.<\/figcaption><\/figure>\n<figure id=\"attachment_625\" aria-describedby=\"caption-attachment-625\" style=\"width: 600px\" class=\"wp-caption aligncenter\"><a href=\"http:\/\/gss1.org\/wp-content\/uploads\/2015\/05\/REGINA-IBIAPINA.jpg\"><img loading=\"lazy\" decoding=\"async\" class=\"wp-image-625\" src=\"http:\/\/gss1.org\/wp-content\/uploads\/2015\/05\/REGINA-IBIAPINA.jpg\" alt=\"REGINA IBIAPINA\" width=\"600\" height=\"337\" \/><\/a><figcaption id=\"caption-attachment-625\" class=\"wp-caption-text\">Prof\u00aa Francisca Regina, coordenadora de astronomia do projeto Cidade Ol\u00edmpica Educacional \u2013 O projeto \u201cDe Olho no C\u00e9u de Teresina\u201d \u00e9 desenvolvido pelo IFPI-DIREX\/THC\/GSS. Cr\u00e9dito: Danilo Alefe.<\/figcaption><\/figure>\n<p>&nbsp;<\/p>\n<figure id=\"attachment_640\" aria-describedby=\"caption-attachment-640\" style=\"width: 600px\" class=\"wp-caption aligncenter\"><a href=\"http:\/\/gss1.org\/wp-content\/uploads\/2015\/06\/IMG-20150530-WA0020.jpg\"><img loading=\"lazy\" decoding=\"async\" class=\"wp-image-640\" src=\"http:\/\/gss1.org\/wp-content\/uploads\/2015\/06\/IMG-20150530-WA0020.jpg\" alt=\"Gilson Silva e Edward Montenegro, Fazendo o teste dos equipamento\u2013 O projeto \u201cDe Olho no C\u00e9u de Teresina\u201d \u00e9 desenvolvido pelo IFPI-DIREX\/THC\/GSS. Cr\u00e9dito: Danilo Alefe.\" width=\"600\" height=\"338\" \/><\/a><figcaption id=\"caption-attachment-640\" class=\"wp-caption-text\">Gilson Silva e Edward Montenegro, Fazendo o teste dos equipamentos\u2013 O projeto \u201cDe Olho no C\u00e9u de Teresina\u201d \u00e9 desenvolvido pelo IFPI-DIREX\/THC\/GSS. Cr\u00e9dito: Danilo Alefe.<\/figcaption><\/figure>\n<figure id=\"attachment_638\" aria-describedby=\"caption-attachment-638\" style=\"width: 600px\" class=\"wp-caption aligncenter\"><a href=\"http:\/\/gss1.org\/wp-content\/uploads\/2015\/06\/IMG-20150530-WA0018-1.jpg\"><img loading=\"lazy\" decoding=\"async\" class=\"wp-image-638\" src=\"http:\/\/gss1.org\/wp-content\/uploads\/2015\/06\/IMG-20150530-WA0018-1.jpg\" alt=\"Francisco Peixoto, fazendo observa\u00e7\u00e3o \u2013 O projeto \u201cDe Olho no C\u00e9u de Teresina\u201d \u00e9 desenvolvido pelo IFPI-DIREX\/THC\/GSS. Cr\u00e9dito: Danilo Alefe.\" width=\"600\" height=\"1067\" \/><\/a><figcaption id=\"caption-attachment-638\" class=\"wp-caption-text\">Francisco Peixoto, fazendo observa\u00e7\u00e3o \u2013 O projeto \u201cDe Olho no C\u00e9u de Teresina\u201d \u00e9 desenvolvido pelo IFPI-DIREX\/THC\/GSS. Cr\u00e9dito: Danilo Alefe.<\/figcaption><\/figure>\n<figure id=\"attachment_639\" aria-describedby=\"caption-attachment-639\" style=\"width: 600px\" class=\"wp-caption aligncenter\"><a href=\"http:\/\/gss1.org\/wp-content\/uploads\/2015\/06\/IMG-20150530-WA0019.jpg\"><img loading=\"lazy\" decoding=\"async\" class=\"wp-image-639\" src=\"http:\/\/gss1.org\/wp-content\/uploads\/2015\/06\/IMG-20150530-WA0019.jpg\" alt=\"Estudantes participando da observa\u00e7\u00e3o \u2013 O projeto \u201cDe Olho no C\u00e9u de Teresina\u201d \u00e9 desenvolvido pelo IFPI-DIREX\/THC\/GSS. Cr\u00e9dito: Danilo Alefe.\" width=\"600\" height=\"338\" \/><\/a><figcaption id=\"caption-attachment-639\" class=\"wp-caption-text\">Estudantes participando da observa\u00e7\u00e3o \u2013 O projeto \u201cDe Olho no C\u00e9u de Teresina\u201d \u00e9 desenvolvido pelo IFPI-DIREX\/THC\/GSS. Cr\u00e9dito: Danilo Alefe.<\/figcaption><\/figure>\n<p>&nbsp;<\/p>\n","protected":false},"excerpt":{"rendered":"<p>&nbsp; &nbsp; Neste s\u00e1bado 30 de Maio de 2015, aconteceu a primeira de uma\u00a0s\u00e9rie de observa\u00e7\u00f5es astron\u00f4micas que ser\u00e3o realizadas pelo projeto &#8220;de olhos no c\u00e9u de Teresina&#8221; desenvolvido pelo IFPI\/DIREX-TERESINA CENTRAL, TERESINA HACKER CLUBE E GRAVITON SCIENTIFIC SOCIETY. O evento aconteceu no estacionamento do pr\u00e9dio B do IFPI-Teresina Central no hor\u00e1rio de 18:00 as [&hellip;]<\/p>\n","protected":false},"author":4,"featured_media":610,"comment_status":"open","ping_status":"open","sticky":false,"template":"","format":"standard","meta":{"footnotes":""},"categories":[8,7,1],"tags":[9,5,19,18,20],"class_list":["post-606","post","type-post","status-publish","format-standard","has-post-thumbnail","hentry","category-eventos","category-sobre-a-gss","category-sem-categoria","tag-astronomia","tag-gss","tag-ifpi","tag-lua","tag-thc"],"_links":{"self":[{"href":"https:\/\/gss1.org\/index.php?rest_route=\/wp\/v2\/posts\/606","targetHints":{"allow":["GET"]}}],"collection":[{"href":"https:\/\/gss1.org\/index.php?rest_route=\/wp\/v2\/posts"}],"about":[{"href":"https:\/\/gss1.org\/index.php?rest_route=\/wp\/v2\/types\/post"}],"author":[{"embeddable":true,"href":"https:\/\/gss1.org\/index.php?rest_route=\/wp\/v2\/users\/4"}],"replies":[{"embeddable":true,"href":"https:\/\/gss1.org\/index.php?rest_route=%2Fwp%2Fv2%2Fcomments&post=606"}],"version-history":[{"count":13,"href":"https:\/\/gss1.org\/index.php?rest_route=\/wp\/v2\/posts\/606\/revisions"}],"predecessor-version":[{"id":643,"href":"https:\/\/gss1.org\/index.php?rest_route=\/wp\/v2\/posts\/606\/revisions\/643"}],"wp:featuredmedia":[{"embeddable":true,"href":"https:\/\/gss1.org\/index.php?rest_route=\/wp\/v2\/media\/610"}],"wp:attachment":[{"href":"https:\/\/gss1.org\/index.php?rest_route=%2Fwp%2Fv2%2Fmedia&parent=606"}],"wp:term":[{"taxonomy":"category","embeddable":true,"href":"https:\/\/gss1.org\/index.php?rest_route=%2Fwp%2Fv2%2Fcategories&post=606"},{"taxonomy":"post_tag","embeddable":true,"href":"https:\/\/gss1.org\/index.php?rest_route=%2Fwp%2Fv2%2Ftags&post=606"}],"curies":[{"name":"wp","href":"https:\/\/api.w.org\/{rel}","templated":true}]}}